{"id":504,"date":"2022-09-01T12:32:31","date_gmt":"2022-09-01T10:32:31","guid":{"rendered":"http:\/\/delagrainealassiette.be\/?p=504"},"modified":"2022-10-17T11:06:44","modified_gmt":"2022-10-17T09:06:44","slug":"epopee-celtique","status":"publish","type":"post","link":"https:\/\/delagrainealassiette.be\/?p=504","title":{"rendered":"Annonce: Epop\u00e9e Celtique le 11 septembre 2022"},"content":{"rendered":"\n<p class=\"wp-block-paragraph\">Lors de l&rsquo;\u00e9pop\u00e9e celtique \u00e0 Libramont, nous vous proposons de mieux conna\u00eetre \u00ab\u00a0De la Graine \u00e0 l&rsquo;assiette\u00a0\u00bb sur le stand 02.<\/p>\n\n\n\n<p class=\"wp-block-paragraph\">D\u00e9gustations et ventes d&rsquo;articles cr\u00e9\u00e9s par notre collectif.<\/p>\n\n\n\n<figure class=\"wp-block-image size-large\"><img loading=\"lazy\" decoding=\"async\" width=\"1024\" height=\"382\" src=\"http:\/\/delagrainealassiette.be\/wp-content\/uploads\/2022\/09\/Epopee-Celtique-1-1024x382.jpg\" alt=\"\" class=\"wp-image-505\" srcset=\"https:\/\/delagrainealassiette.be\/wp-content\/uploads\/2022\/09\/Epopee-Celtique-1-1024x382.jpg 1024w, https:\/\/delagrainealassiette.be\/wp-content\/uploads\/2022\/09\/Epopee-Celtique-1-300x112.jpg 300w, https:\/\/delagrainealassiette.be\/wp-content\/uploads\/2022\/09\/Epopee-Celtique-1-768x287.jpg 768w, https:\/\/delagrainealassiette.be\/wp-content\/uploads\/2022\/09\/Epopee-Celtique-1.jpg 1375w\" sizes=\"auto, (max-width: 767px) 89vw, (max-width: 1000px) 54vw, (max-width: 1071px) 543px, 580px\" \/><\/figure>\n\n\n\n<figure class=\"wp-block-image size-full\"><img loading=\"lazy\" decoding=\"async\" width=\"14400\" height=\"7200\" src=\"http:\/\/delagrainealassiette.be\/wp-content\/uploads\/2022\/09\/epopee-celtique-programme-pdf_Page_2.png\" alt=\"\" class=\"wp-image-507\"\/><\/figure>\n\n\n\n<figure class=\"wp-block-image size-full\"><img loading=\"lazy\" decoding=\"async\" width=\"14400\" height=\"7200\" src=\"http:\/\/delagrainealassiette.be\/wp-content\/uploads\/2022\/09\/epopee-celtique-programme-pdf_Page_1.png\" alt=\"\" class=\"wp-image-506\"\/><\/figure>\n","protected":false},"excerpt":{"rendered":"<p>Lors de l&rsquo;\u00e9pop\u00e9e celtique \u00e0 Libramont, nous vous proposons de mieux conna\u00eetre \u00ab\u00a0De la Graine \u00e0 l&rsquo;assiette\u00a0\u00bb sur le stand 02. D\u00e9gustations et ventes d&rsquo;articles cr\u00e9\u00e9s par notre collectif.<\/p>\n","protected":false},"author":1,"featured_media":505,"comment_status":"closed","ping_status":"open","sticky":false,"template":"","format":"standard","meta":{"_crdt_document":"","_price":"","_stock":"","_tribe_ticket_header":"","_tribe_default_ticket_provider":"","_tribe_ticket_capacity":"0","_ticket_start_date":"","_ticket_end_date":"","_tribe_ticket_show_description":"","_tribe_ticket_show_not_going":false,"_tribe_ticket_use_global_stock":"","_tribe_ticket_global_stock_level":"","_global_stock_mode":"","_global_stock_cap":"","_tribe_rsvp_for_event":"","_tribe_ticket_going_count":"","_tribe_ticket_not_going_count":"","_tribe_tickets_list":"[]","_tribe_ticket_has_attendee_info_fields":false,"_jetpack_memberships_contains_paid_content":false,"footnotes":"","_tec_slr_enabled":"","_tec_slr_layout":""},"categories":[13],"tags":[],"class_list":["post-504","post","type-post","status-publish","format-standard","has-post-thumbnail","hentry","category-activites"],"jetpack_featured_media_url":"https:\/\/delagrainealassiette.be\/wp-content\/uploads\/2022\/09\/Epopee-Celtique-1.jpg","jetpack_sharing_enabled":true,"ticketed":false,"_links":{"self":[{"href":"https:\/\/delagrainealassiette.be\/index.php?rest_route=\/wp\/v2\/posts\/504","targetHints":{"allow":["GET"]}}],"collection":[{"href":"https:\/\/delagrainealassiette.be\/index.php?rest_route=\/wp\/v2\/posts"}],"about":[{"href":"https:\/\/delagrainealassiette.be\/index.php?rest_route=\/wp\/v2\/types\/post"}],"author":[{"embeddable":true,"href":"https:\/\/delagrainealassiette.be\/index.php?rest_route=\/wp\/v2\/users\/1"}],"replies":[{"embeddable":true,"href":"https:\/\/delagrainealassiette.be\/index.php?rest_route=%2Fwp%2Fv2%2Fcomments&post=504"}],"version-history":[{"count":4,"href":"https:\/\/delagrainealassiette.be\/index.php?rest_route=\/wp\/v2\/posts\/504\/revisions"}],"predecessor-version":[{"id":680,"href":"https:\/\/delagrainealassiette.be\/index.php?rest_route=\/wp\/v2\/posts\/504\/revisions\/680"}],"wp:featuredmedia":[{"embeddable":true,"href":"https:\/\/delagrainealassiette.be\/index.php?rest_route=\/wp\/v2\/media\/505"}],"wp:attachment":[{"href":"https:\/\/delagrainealassiette.be\/index.php?rest_route=%2Fwp%2Fv2%2Fmedia&parent=504"}],"wp:term":[{"taxonomy":"category","embeddable":true,"href":"https:\/\/delagrainealassiette.be\/index.php?rest_route=%2Fwp%2Fv2%2Fcategories&post=504"},{"taxonomy":"post_tag","embeddable":true,"href":"https:\/\/delagrainealassiette.be\/index.php?rest_route=%2Fwp%2Fv2%2Ftags&post=504"}],"curies":[{"name":"wp","href":"https:\/\/api.w.org\/{rel}","templated":true}]}}